{"id":4076,"date":"2025-12-09T09:05:58","date_gmt":"2025-12-09T08:05:58","guid":{"rendered":"https:\/\/www.afs-meppen.de\/?p=4076"},"modified":"2025-12-09T10:05:57","modified_gmt":"2025-12-09T09:05:57","slug":"aktuelles-fuer-die-zukuenftigen-5-klassen","status":"publish","type":"post","link":"https:\/\/www.afs-meppen.de\/?p=4076","title":{"rendered":"Aktuelles f\u00fcr die zuk\u00fcnftigen 5. Klassen"},"content":{"rendered":"<p>Am 08.12.2025 fand in unserer Schule ein Elternabend f\u00fcr unsere zuk\u00fcnftigen 5.Klassen statt. Dort wurden die relevanten Dinge vorgestellt und Unklarheiten konnten besprochen werden. Ausf\u00fchrliche Informationen f\u00fcr die neuen Sch\u00fclerinnen und Sch\u00fcler des Jahrgangs 5, Schuljahr 2026\/2027, finden Sie an dieser Stelle. Sie k\u00f6nnen den folgenden Link anklicken oder per QR Code zu den hinterlegten Informationen gelangen.<\/p>\n<p>&nbsp;<\/p>\n<p>&nbsp;<\/p>\n<p><a href=\"https:\/\/nds.edumaps.de\/72790\/58145\/ngpr17yvls\/drt4aaavwx\" target=\"_blank\" rel=\"noopener noreferrer\">https:\/\/nds.edumaps.de\/72790\/58145\/ngpr17yvls\/drt4aaavwx<\/a><\/p>\n<p>&nbsp;<\/p>\n<p><img loading=\"lazy\" class=\"alignnone size-medium wp-image-4077\" src=\"https:\/\/www.afs-meppen.de\/wp-content\/uploads\/2025\/12\/Edumap-fuer-Jg.-5-300x300.png\" alt=\"\" width=\"300\" height=\"300\" srcset=\"https:\/\/www.afs-meppen.de\/wp-content\/uploads\/2025\/12\/Edumap-fuer-Jg.-5-300x300.png 300w, https:\/\/www.afs-meppen.de\/wp-content\/uploads\/2025\/12\/Edumap-fuer-Jg.-5-150x150.png 150w, https:\/\/www.afs-meppen.de\/wp-content\/uploads\/2025\/12\/Edumap-fuer-Jg.-5-270x270.png 270w, https:\/\/www.afs-meppen.de\/wp-content\/uploads\/2025\/12\/Edumap-fuer-Jg.-5.png 500w\" sizes=\"(max-width: 300px) 100vw, 300px\" \/><\/p>\n","protected":false},"excerpt":{"rendered":"<p>Am 08.12.2025 fand in unserer Schule ein Elternabend f\u00fcr unsere zuk\u00fcnftigen 5.Klassen statt. Dort wurden die relevanten Dinge vorgestellt und Unklarheiten konnten besprochen werden. Ausf\u00fchrliche Informationen f\u00fcr die neuen Sch\u00fclerinnen und Sch\u00fcler des Jahrgangs 5, Schuljahr 2026\/2027, finden Sie an <a href=\"https:\/\/www.afs-meppen.de\/?p=4076\" class=\"read-more\">Weiterlesen &#8230;<\/a><\/p>\n","protected":false},"author":2,"featured_media":0,"comment_status":"closed","ping_status":"open","sticky":false,"template":"","format":"standard","meta":[],"categories":[1],"tags":[],"_links":{"self":[{"href":"https:\/\/www.afs-meppen.de\/index.php?rest_route=\/wp\/v2\/posts\/4076"}],"collection":[{"href":"https:\/\/www.afs-meppen.de\/index.php?rest_route=\/wp\/v2\/posts"}],"about":[{"href":"https:\/\/www.afs-meppen.de\/index.php?rest_route=\/wp\/v2\/types\/post"}],"author":[{"embeddable":true,"href":"https:\/\/www.afs-meppen.de\/index.php?rest_route=\/wp\/v2\/users\/2"}],"replies":[{"embeddable":true,"href":"https:\/\/www.afs-meppen.de\/index.php?rest_route=%2Fwp%2Fv2%2Fcomments&post=4076"}],"version-history":[{"count":7,"href":"https:\/\/www.afs-meppen.de\/index.php?rest_route=\/wp\/v2\/posts\/4076\/revisions"}],"predecessor-version":[{"id":4081,"href":"https:\/\/www.afs-meppen.de\/index.php?rest_route=\/wp\/v2\/posts\/4076\/revisions\/4081"}],"wp:attachment":[{"href":"https:\/\/www.afs-meppen.de\/index.php?rest_route=%2Fwp%2Fv2%2Fmedia&parent=4076"}],"wp:term":[{"taxonomy":"category","embeddable":true,"href":"https:\/\/www.afs-meppen.de\/index.php?rest_route=%2Fwp%2Fv2%2Fcategories&post=4076"},{"taxonomy":"post_tag","embeddable":true,"href":"https:\/\/www.afs-meppen.de\/index.php?rest_route=%2Fwp%2Fv2%2Ftags&post=4076"}],"curies":[{"name":"wp","href":"https:\/\/api.w.org\/{rel}","templated":true}]}}