{"id":4052,"date":"2025-05-28T15:02:09","date_gmt":"2025-05-28T13:02:09","guid":{"rendered":"https:\/\/www.afs-meppen.de\/?p=4052"},"modified":"2025-05-28T15:02:09","modified_gmt":"2025-05-28T13:02:09","slug":"muendliche-pruefungen-am-11-juni","status":"publish","type":"post","link":"https:\/\/www.afs-meppen.de\/?p=4052","title":{"rendered":"M\u00fcndliche Pr\u00fcfungen am 11. Juni"},"content":{"rendered":"<p>Aufgrund der m\u00fcndlichen Pr\u00fcfungen unserer Abschlussklassen findet am 11. Juni f\u00fcr unsere \u00fcbrigen Jahrg\u00e4nge kein Unterricht statt.<\/p>\n","protected":false},"excerpt":{"rendered":"<p>Aufgrund der m\u00fcndlichen Pr\u00fcfungen unserer Abschlussklassen findet am 11. Juni f\u00fcr unsere \u00fcbrigen Jahrg\u00e4nge kein Unterricht statt.<\/p>\n","protected":false},"author":2,"featured_media":2503,"comment_status":"closed","ping_status":"open","sticky":false,"template":"","format":"standard","meta":[],"categories":[1],"tags":[],"_links":{"self":[{"href":"https:\/\/www.afs-meppen.de\/index.php?rest_route=\/wp\/v2\/posts\/4052"}],"collection":[{"href":"https:\/\/www.afs-meppen.de\/index.php?rest_route=\/wp\/v2\/posts"}],"about":[{"href":"https:\/\/www.afs-meppen.de\/index.php?rest_route=\/wp\/v2\/types\/post"}],"author":[{"embeddable":true,"href":"https:\/\/www.afs-meppen.de\/index.php?rest_route=\/wp\/v2\/users\/2"}],"replies":[{"embeddable":true,"href":"https:\/\/www.afs-meppen.de\/index.php?rest_route=%2Fwp%2Fv2%2Fcomments&post=4052"}],"version-history":[{"count":1,"href":"https:\/\/www.afs-meppen.de\/index.php?rest_route=\/wp\/v2\/posts\/4052\/revisions"}],"predecessor-version":[{"id":4053,"href":"https:\/\/www.afs-meppen.de\/index.php?rest_route=\/wp\/v2\/posts\/4052\/revisions\/4053"}],"wp:featuredmedia":[{"embeddable":true,"href":"https:\/\/www.afs-meppen.de\/index.php?rest_route=\/wp\/v2\/media\/2503"}],"wp:attachment":[{"href":"https:\/\/www.afs-meppen.de\/index.php?rest_route=%2Fwp%2Fv2%2Fmedia&parent=4052"}],"wp:term":[{"taxonomy":"category","embeddable":true,"href":"https:\/\/www.afs-meppen.de\/index.php?rest_route=%2Fwp%2Fv2%2Fcategories&post=4052"},{"taxonomy":"post_tag","embeddable":true,"href":"https:\/\/www.afs-meppen.de\/index.php?rest_route=%2Fwp%2Fv2%2Ftags&post=4052"}],"curies":[{"name":"wp","href":"https:\/\/api.w.org\/{rel}","templated":true}]}}