{"id":3699,"date":"2024-02-03T12:03:41","date_gmt":"2024-02-03T11:03:41","guid":{"rendered":"https:\/\/www.afs-meppen.de\/?p=3699"},"modified":"2024-02-03T12:19:37","modified_gmt":"2024-02-03T11:19:37","slug":"3699","status":"publish","type":"post","link":"https:\/\/www.afs-meppen.de\/?p=3699","title":{"rendered":"Amtseinf\u00fchrung unseres neuen Schulleiters"},"content":{"rendered":"<p>In einer feierlichen Zeremonie wurde Herr Jan Berger offiziell als neuer Schulleiter unserer Anne-Frank-Oberschule eingef\u00fchrt. Die Veranstaltung, die in dem Foyer und in der Mensa der Schule stattfand, zog zahlreiche Lehrkr\u00e4fte, Sch\u00fclerinnen und Sch\u00fcler, lokale Bildungsvertreter sowie alte Weggef\u00e4hrten und Herr Bergers Familie an.<\/p>\n<p>Anmoderiert von unserer Sch\u00fclersprecherin Amelie Th. begann die Amtseinf\u00fchrung mit einer musikalischen Einstimmung des Sch\u00fclers, Marian V., bevor unsere Theatergruppe und die Sch\u00fclervertretung der Anne-Frank-Schule ein Theaterst\u00fcck zum Thema \u201eneue T\u00fcren \u00f6ffnen\u201c vorgef\u00fchrt haben. Dabei bringe Herr Jan Berger in den ersten sechs Monaten Amtszeit den Mut auf, neue T\u00fcren zu \u00f6ffnen und bringe so die Anne-Frank-Schule \u201ezum Leuchten\u201c. Das B\u00fchnenst\u00fcck wurde unter der Leitung von Frau Gebken einstudiert und kam bei allen Anwesenden sichtlich gut an. An dieser Stelle wollen wir uns bei allen Sch\u00fclerinnen und Sch\u00fclern bedanken, die diesen Tag so besonders gemacht haben!<\/p>\n<p>Anschlie\u00dfend er\u00f6ffnete der Schulfachliche Dezernent Herr Heinemann den offiziellen Teil der Amtseinf\u00fchrung. In seiner Rede gratulierte er Herrn Berger zum neuen Amt des Oberschulrektors, w\u00fcnschte ihm viel Erfolg bei allen bevorstehenden herausfordernden Aufgaben und blickte respektvoll auf die Stationen des geb\u00fcrtigen Meppeners zur\u00fcck: So absolvierte Berger u.a. sein Referendariat beim Franziskusgymnasium in Lingen mit seinen studierten F\u00e4chern Englisch und Geschichte, bevor er zur Johannesschule Meppen wechselte und dort neben den T\u00e4tigkeiten des Lehrers parallel ein Erg\u00e4nzungsstudium zum Thema \u201eSonderp\u00e4dagogik\u201c abgeschlossen hat. Des Weiteren \u00fcbernahm er dort f\u00fcr ein halbes Schuljahr die kommissarische Stelle des Konrektors, bevor er an der Geschwister- Scholl- Schule in Geeste- Dalum ebenfalls dieses Amt aus\u00fcbte. Unz\u00e4hlige Fortbildungen, wie zum Beispiel zu den Themen \u201eInklusion\u201c, \u201eIndividuelle Lernentwicklung\u201c sowie \u201eDigitale Medien im Unterricht\u201c komplettieren seinen beruflichen Werdegang. Seit dem 01.08.2023 leitet er nun schon das Amt des Oberschulrektors an unserer Schule<\/p>\n<p>Neben dem Schulfachlichen Dezernenten Herrn Heinemann vom Nieders\u00e4chsischen Kultusministerium waren auch drei Vertreter der Stadt Meppen zur Amtseinf\u00fchrung von Herrn Berger gekommen: Der Meppener B\u00fcrgermeister Herr Helmut Knurbein, Herr Christian Golkowski sowie Herr Matthias Wahmes waren vor Ort. Herr Knurbein hob in seiner Rede ebenfalls die \u201ebeeindruckende Vita\u201c von Herrn Berger hervor und unterstrich somit die vorhandenen Qualifikationen und Kompetenzen, die er mit in das Amt des Oberschulrektors bringe.<\/p>\n<p>Es folgten Worte von Herrn Lilge, der Elternvertreterin Frau Alders und Frau Herok-Bakker. Das Kollegium der Anne-Frank-Schule \u00fcberreichte Herrn Berger noch kleinere Geschenke, versehen mit humorvollen Denglischen- Spr\u00fcchen, die nat\u00fcrlich nicht ganz ernst zu nehmen sind, aber noch einmal verdeutlichen, wie sehr sich das Team der Anne-Frank-Schule freut, dass Herr Berger nun ein Teil von ihnen ist.<\/p>\n<p>Zum Ausklang spielte Jonas Egbers noch unterhaltsame Musik u.a. mit dem abschlie\u00dfenden Lied: Die \u201eAnne-Frank ist wie gemacht f\u00fcr dich. So als h\u00e4tte sie sich jemand ausgedacht f\u00fcr dich\u201c und rundete damit die sehr festliche Veranstaltung ab.<\/p>\n<div id='gallery-1' class='gallery galleryid-3699 gallery-columns-5 gallery-size-thumbnail'><figure class='gallery-item'>\n\t\t\t<div class='gallery-icon landscape'>\n\t\t\t\t<a href='https:\/\/www.afs-meppen.de\/?attachment_id=3703'><img width=\"150\" height=\"150\" src=\"https:\/\/www.afs-meppen.de\/wp-content\/uploads\/2024\/02\/DSC00024-150x150.jpg\" class=\"attachment-thumbnail size-thumbnail\" alt=\"\" loading=\"lazy\" \/><\/a>\n\t\t\t<\/div><\/figure><figure class='gallery-item'>\n\t\t\t<div class='gallery-icon landscape'>\n\t\t\t\t<a href='https:\/\/www.afs-meppen.de\/?attachment_id=3702'><img width=\"150\" height=\"150\" src=\"https:\/\/www.afs-meppen.de\/wp-content\/uploads\/2024\/02\/DSC09997-150x150.jpg\" class=\"attachment-thumbnail size-thumbnail\" alt=\"\" loading=\"lazy\" \/><\/a>\n\t\t\t<\/div><\/figure><figure class='gallery-item'>\n\t\t\t<div class='gallery-icon landscape'>\n\t\t\t\t<a href='https:\/\/www.afs-meppen.de\/?attachment_id=3701'><img width=\"150\" height=\"150\" src=\"https:\/\/www.afs-meppen.de\/wp-content\/uploads\/2024\/02\/DSC00022-150x150.jpg\" class=\"attachment-thumbnail size-thumbnail\" alt=\"\" loading=\"lazy\" \/><\/a>\n\t\t\t<\/div><\/figure><figure class='gallery-item'>\n\t\t\t<div class='gallery-icon landscape'>\n\t\t\t\t<a href='https:\/\/www.afs-meppen.de\/?attachment_id=3705'><img width=\"150\" height=\"150\" src=\"https:\/\/www.afs-meppen.de\/wp-content\/uploads\/2024\/02\/DSC00048-150x150.jpg\" class=\"attachment-thumbnail size-thumbnail\" alt=\"\" loading=\"lazy\" \/><\/a>\n\t\t\t<\/div><\/figure><figure class='gallery-item'>\n\t\t\t<div class='gallery-icon landscape'>\n\t\t\t\t<a href='https:\/\/www.afs-meppen.de\/?attachment_id=3706'><img width=\"150\" height=\"150\" src=\"https:\/\/www.afs-meppen.de\/wp-content\/uploads\/2024\/02\/DSC09979-150x150.jpg\" class=\"attachment-thumbnail size-thumbnail\" alt=\"\" loading=\"lazy\" \/><\/a>\n\t\t\t<\/div><\/figure><figure class='gallery-item'>\n\t\t\t<div class='gallery-icon landscape'>\n\t\t\t\t<a href='https:\/\/www.afs-meppen.de\/?attachment_id=3707'><img width=\"150\" height=\"150\" src=\"https:\/\/www.afs-meppen.de\/wp-content\/uploads\/2024\/02\/DSC09972-150x150.jpg\" class=\"attachment-thumbnail size-thumbnail\" alt=\"\" loading=\"lazy\" \/><\/a>\n\t\t\t<\/div><\/figure><figure class='gallery-item'>\n\t\t\t<div class='gallery-icon landscape'>\n\t\t\t\t<a href='https:\/\/www.afs-meppen.de\/?attachment_id=3713'><img width=\"150\" height=\"150\" src=\"https:\/\/www.afs-meppen.de\/wp-content\/uploads\/2024\/02\/DSC00010-150x150.jpg\" class=\"attachment-thumbnail size-thumbnail\" alt=\"\" loading=\"lazy\" \/><\/a>\n\t\t\t<\/div><\/figure><figure class='gallery-item'>\n\t\t\t<div class='gallery-icon portrait'>\n\t\t\t\t<a href='https:\/\/www.afs-meppen.de\/?attachment_id=3712'><img width=\"150\" height=\"150\" src=\"https:\/\/www.afs-meppen.de\/wp-content\/uploads\/2024\/02\/DSC09984-150x150.jpg\" class=\"attachment-thumbnail size-thumbnail\" alt=\"\" loading=\"lazy\" \/><\/a>\n\t\t\t<\/div><\/figure><figure class='gallery-item'>\n\t\t\t<div class='gallery-icon landscape'>\n\t\t\t\t<a href='https:\/\/www.afs-meppen.de\/?attachment_id=3711'><img width=\"150\" height=\"150\" src=\"https:\/\/www.afs-meppen.de\/wp-content\/uploads\/2024\/02\/DSC00020-150x150.jpg\" class=\"attachment-thumbnail size-thumbnail\" alt=\"\" loading=\"lazy\" \/><\/a>\n\t\t\t<\/div><\/figure><figure class='gallery-item'>\n\t\t\t<div class='gallery-icon portrait'>\n\t\t\t\t<a href='https:\/\/www.afs-meppen.de\/?attachment_id=3709'><img width=\"150\" height=\"150\" src=\"https:\/\/www.afs-meppen.de\/wp-content\/uploads\/2024\/02\/DSC00009-150x150.jpg\" class=\"attachment-thumbnail size-thumbnail\" alt=\"\" loading=\"lazy\" \/><\/a>\n\t\t\t<\/div><\/figure>\n\t\t<\/div>\n\n<!--[if lt IE 9]><script>document.createElement('video');<\/script><![endif]-->\n\t<div class=\"wp-playlist wp-video-playlist wp-playlist-light\">\n\t\t<video controls=\"controls\" preload=\"none\" width=\"618\"\n\t\t height=\"350\"\t><\/video>\n\t<div class=\"wp-playlist-next\"><\/div>\n\t<div class=\"wp-playlist-prev\"><\/div>\n\t<noscript>\n\t<ol>\n\t\t<li><a href='https:\/\/www.afs-meppen.de\/wp-content\/uploads\/2024\/02\/WhatsApp-Video-2024-02-03-at-11.49.19.mp4'>Anne-Frank ist wie gemacht f\u00fcr dich...<\/a><\/li>\t<\/ol>\n\t<\/noscript>\n\t<script type=\"application\/json\" class=\"wp-playlist-script\">{\"type\":\"video\",\"tracklist\":true,\"tracknumbers\":true,\"images\":true,\"artists\":true,\"tracks\":[{\"src\":\"https:\\\/\\\/www.afs-meppen.de\\\/wp-content\\\/uploads\\\/2024\\\/02\\\/WhatsApp-Video-2024-02-03-at-11.49.19.mp4\",\"type\":\"video\\\/mp4\",\"title\":\"Anne-Frank ist wie gemacht f\\u00fcr dich...\",\"caption\":\"\",\"description\":\"\",\"meta\":{\"length_formatted\":\"0:21\"},\"dimensions\":{\"original\":{\"width\":848,\"height\":480},\"resized\":{\"width\":618,\"height\":350}},\"image\":{\"src\":\"https:\\\/\\\/www.afs-meppen.de\\\/wp-includes\\\/images\\\/media\\\/video.png\",\"width\":48,\"height\":64},\"thumb\":{\"src\":\"https:\\\/\\\/www.afs-meppen.de\\\/wp-includes\\\/images\\\/media\\\/video.png\",\"width\":48,\"height\":64}}]}<\/script>\n<\/div>\n\t\n","protected":false},"excerpt":{"rendered":"<p>In einer feierlichen Zeremonie wurde Herr Jan Berger offiziell als neuer Schulleiter unserer Anne-Frank-Oberschule eingef\u00fchrt. Die Veranstaltung, die in dem Foyer und in der Mensa der Schule stattfand, zog zahlreiche Lehrkr\u00e4fte, Sch\u00fclerinnen und Sch\u00fcler, lokale Bildungsvertreter sowie alte Weggef\u00e4hrten und <a href=\"https:\/\/www.afs-meppen.de\/?p=3699\" class=\"read-more\">Weiterlesen &#8230;<\/a><\/p>\n","protected":false},"author":2,"featured_media":3700,"comment_status":"closed","ping_status":"open","sticky":false,"template":"","format":"standard","meta":[],"categories":[1],"tags":[],"_links":{"self":[{"href":"https:\/\/www.afs-meppen.de\/index.php?rest_route=\/wp\/v2\/posts\/3699"}],"collection":[{"href":"https:\/\/www.afs-meppen.de\/index.php?rest_route=\/wp\/v2\/posts"}],"about":[{"href":"https:\/\/www.afs-meppen.de\/index.php?rest_route=\/wp\/v2\/types\/post"}],"author":[{"embeddable":true,"href":"https:\/\/www.afs-meppen.de\/index.php?rest_route=\/wp\/v2\/users\/2"}],"replies":[{"embeddable":true,"href":"https:\/\/www.afs-meppen.de\/index.php?rest_route=%2Fwp%2Fv2%2Fcomments&post=3699"}],"version-history":[{"count":3,"href":"https:\/\/www.afs-meppen.de\/index.php?rest_route=\/wp\/v2\/posts\/3699\/revisions"}],"predecessor-version":[{"id":3714,"href":"https:\/\/www.afs-meppen.de\/index.php?rest_route=\/wp\/v2\/posts\/3699\/revisions\/3714"}],"wp:featuredmedia":[{"embeddable":true,"href":"https:\/\/www.afs-meppen.de\/index.php?rest_route=\/wp\/v2\/media\/3700"}],"wp:attachment":[{"href":"https:\/\/www.afs-meppen.de\/index.php?rest_route=%2Fwp%2Fv2%2Fmedia&parent=3699"}],"wp:term":[{"taxonomy":"category","embeddable":true,"href":"https:\/\/www.afs-meppen.de\/index.php?rest_route=%2Fwp%2Fv2%2Fcategories&post=3699"},{"taxonomy":"post_tag","embeddable":true,"href":"https:\/\/www.afs-meppen.de\/index.php?rest_route=%2Fwp%2Fv2%2Ftags&post=3699"}],"curies":[{"name":"wp","href":"https:\/\/api.w.org\/{rel}","templated":true}]}}