{"id":3693,"date":"2024-01-30T22:17:56","date_gmt":"2024-01-30T21:17:56","guid":{"rendered":"https:\/\/www.afs-meppen.de\/?p=3693"},"modified":"2024-01-30T22:17:56","modified_gmt":"2024-01-30T21:17:56","slug":"filmtag-fuer-unsere-franzoesisch-lerngruppe","status":"publish","type":"post","link":"https:\/\/www.afs-meppen.de\/?p=3693","title":{"rendered":"Filmtag f\u00fcr unsere Franz\u00f6sisch-Lerngruppe"},"content":{"rendered":"<p>Am Freitag, den 26. Januar, haben sich Franz\u00f6sischsch\u00fclerInnen erneut auf den Weg zur Cin\u00e9f\u00eate gemacht, um sich einen der in Frankreich pr\u00e4mierten Jugendfilme anzusehen. Die diesj\u00e4hrige Auswahl fiel auf den Film \u201eLes T\u00eates Givr\u00e9es\u201c, die Eisbrecher, der in der Originalsprache mit deutschen Untertiteln gezeigt wurde. Die Resonanz war bei der Sch\u00fclerschaft durchweg positiv, nicht nur, weil sie erlernte sprachliche Redemittel in einem neuen Kontext wiedererkannt und verstanden haben, sondern sich gut mit den schulischen Gegebenheiten identifizieren konnten. Der Film thematisierte ihnen vertraute Themen wie Freundschaft, Tr\u00e4ume und Ziele, aber auch die Umweltproblematik von schmelzenden Gletschern. Vielen hat die Botschaft des Films gefallen, dass man als Team alles erreichen und verloren gegangenes Selbstvertrauen wiedergewinnen kann. Wir danken den Mitgliedern des F\u00f6rdervereins der Anne-Frank Schule, dass sie dieses Kinoerlebnis m\u00f6glich gemacht haben.<\/p>\n<p>&nbsp;<\/p>\n","protected":false},"excerpt":{"rendered":"<p>Am Freitag, den 26. Januar, haben sich Franz\u00f6sischsch\u00fclerInnen erneut auf den Weg zur Cin\u00e9f\u00eate gemacht, um sich einen der in Frankreich pr\u00e4mierten Jugendfilme anzusehen. Die diesj\u00e4hrige Auswahl fiel auf den Film \u201eLes T\u00eates Givr\u00e9es\u201c, die Eisbrecher, der in der Originalsprache <a href=\"https:\/\/www.afs-meppen.de\/?p=3693\" class=\"read-more\">Weiterlesen &#8230;<\/a><\/p>\n","protected":false},"author":2,"featured_media":3694,"comment_status":"closed","ping_status":"open","sticky":false,"template":"","format":"standard","meta":[],"categories":[1],"tags":[],"_links":{"self":[{"href":"https:\/\/www.afs-meppen.de\/index.php?rest_route=\/wp\/v2\/posts\/3693"}],"collection":[{"href":"https:\/\/www.afs-meppen.de\/index.php?rest_route=\/wp\/v2\/posts"}],"about":[{"href":"https:\/\/www.afs-meppen.de\/index.php?rest_route=\/wp\/v2\/types\/post"}],"author":[{"embeddable":true,"href":"https:\/\/www.afs-meppen.de\/index.php?rest_route=\/wp\/v2\/users\/2"}],"replies":[{"embeddable":true,"href":"https:\/\/www.afs-meppen.de\/index.php?rest_route=%2Fwp%2Fv2%2Fcomments&post=3693"}],"version-history":[{"count":1,"href":"https:\/\/www.afs-meppen.de\/index.php?rest_route=\/wp\/v2\/posts\/3693\/revisions"}],"predecessor-version":[{"id":3695,"href":"https:\/\/www.afs-meppen.de\/index.php?rest_route=\/wp\/v2\/posts\/3693\/revisions\/3695"}],"wp:featuredmedia":[{"embeddable":true,"href":"https:\/\/www.afs-meppen.de\/index.php?rest_route=\/wp\/v2\/media\/3694"}],"wp:attachment":[{"href":"https:\/\/www.afs-meppen.de\/index.php?rest_route=%2Fwp%2Fv2%2Fmedia&parent=3693"}],"wp:term":[{"taxonomy":"category","embeddable":true,"href":"https:\/\/www.afs-meppen.de\/index.php?rest_route=%2Fwp%2Fv2%2Fcategories&post=3693"},{"taxonomy":"post_tag","embeddable":true,"href":"https:\/\/www.afs-meppen.de\/index.php?rest_route=%2Fwp%2Fv2%2Ftags&post=3693"}],"curies":[{"name":"wp","href":"https:\/\/api.w.org\/{rel}","templated":true}]}}