{"id":3626,"date":"2023-09-10T16:52:37","date_gmt":"2023-09-10T14:52:37","guid":{"rendered":"https:\/\/www.afs-meppen.de\/?p=3626"},"modified":"2023-09-10T16:52:37","modified_gmt":"2023-09-10T14:52:37","slug":"montag-nach-der-5-std-unterrichtsfrei","status":"publish","type":"post","link":"https:\/\/www.afs-meppen.de\/?p=3626","title":{"rendered":"Montag nach der 5. Std unterrichtsfrei"},"content":{"rendered":"<p>Aufgrund der hohen Temperaturen hat die Anne-Frank-Schule nach Gespr\u00e4chen mit den anderen Oberschulen Meppens beschlossen, den Unterricht am Montag, den 11.09.23 bereits nach der 5. Stunde zu beenden.<\/p>\n<p>Sch\u00fclerinnen und Sch\u00fcler, die nicht nach Hause k\u00f6nnen, werden von unserer Schulsozialarbeiterin betreut.<\/p>\n","protected":false},"excerpt":{"rendered":"<p>Aufgrund der hohen Temperaturen hat die Anne-Frank-Schule nach Gespr\u00e4chen mit den anderen Oberschulen Meppens beschlossen, den Unterricht am Montag, den 11.09.23 bereits nach der 5. Stunde zu beenden. Sch\u00fclerinnen und Sch\u00fcler, die nicht nach Hause k\u00f6nnen, werden von unserer Schulsozialarbeiterin <a href=\"https:\/\/www.afs-meppen.de\/?p=3626\" class=\"read-more\">Weiterlesen &#8230;<\/a><\/p>\n","protected":false},"author":2,"featured_media":3627,"comment_status":"closed","ping_status":"open","sticky":false,"template":"","format":"standard","meta":[],"categories":[1],"tags":[],"_links":{"self":[{"href":"https:\/\/www.afs-meppen.de\/index.php?rest_route=\/wp\/v2\/posts\/3626"}],"collection":[{"href":"https:\/\/www.afs-meppen.de\/index.php?rest_route=\/wp\/v2\/posts"}],"about":[{"href":"https:\/\/www.afs-meppen.de\/index.php?rest_route=\/wp\/v2\/types\/post"}],"author":[{"embeddable":true,"href":"https:\/\/www.afs-meppen.de\/index.php?rest_route=\/wp\/v2\/users\/2"}],"replies":[{"embeddable":true,"href":"https:\/\/www.afs-meppen.de\/index.php?rest_route=%2Fwp%2Fv2%2Fcomments&post=3626"}],"version-history":[{"count":1,"href":"https:\/\/www.afs-meppen.de\/index.php?rest_route=\/wp\/v2\/posts\/3626\/revisions"}],"predecessor-version":[{"id":3628,"href":"https:\/\/www.afs-meppen.de\/index.php?rest_route=\/wp\/v2\/posts\/3626\/revisions\/3628"}],"wp:featuredmedia":[{"embeddable":true,"href":"https:\/\/www.afs-meppen.de\/index.php?rest_route=\/wp\/v2\/media\/3627"}],"wp:attachment":[{"href":"https:\/\/www.afs-meppen.de\/index.php?rest_route=%2Fwp%2Fv2%2Fmedia&parent=3626"}],"wp:term":[{"taxonomy":"category","embeddable":true,"href":"https:\/\/www.afs-meppen.de\/index.php?rest_route=%2Fwp%2Fv2%2Fcategories&post=3626"},{"taxonomy":"post_tag","embeddable":true,"href":"https:\/\/www.afs-meppen.de\/index.php?rest_route=%2Fwp%2Fv2%2Ftags&post=3626"}],"curies":[{"name":"wp","href":"https:\/\/api.w.org\/{rel}","templated":true}]}}