{"id":3618,"date":"2023-08-30T11:58:57","date_gmt":"2023-08-30T09:58:57","guid":{"rendered":"https:\/\/www.afs-meppen.de\/?p=3618"},"modified":"2023-08-30T11:58:57","modified_gmt":"2023-08-30T09:58:57","slug":"salvete","status":"publish","type":"post","link":"https:\/\/www.afs-meppen.de\/?p=3618","title":{"rendered":"Salvete!"},"content":{"rendered":"<p>Den R\u00f6mern in Norddeutschland auf der Spur war unser sechster Jahrgang am 29.08.2023 im Museum und Park Kalkriese. Dort wurde das Schlachtgeschehen spielerisch nachvollzogen und anschlie\u00dfend durften sich die Sch\u00fclerinnen und Sch\u00fcler im Stile der Germanen, R\u00f6mer und eines Legion\u00e4rs verkleiden. Es war eine insgesamt spannende und lehrreiche Tagesexkursion: Wir kommen gerne wieder &#8211; da sind sich alle einig!<\/p>\n","protected":false},"excerpt":{"rendered":"<p>Den R\u00f6mern in Norddeutschland auf der Spur war unser sechster Jahrgang am 29.08.2023 im Museum und Park Kalkriese. Dort wurde das Schlachtgeschehen spielerisch nachvollzogen und anschlie\u00dfend durften sich die Sch\u00fclerinnen und Sch\u00fcler im Stile der Germanen, R\u00f6mer und eines Legion\u00e4rs <a href=\"https:\/\/www.afs-meppen.de\/?p=3618\" class=\"read-more\">Weiterlesen &#8230;<\/a><\/p>\n","protected":false},"author":2,"featured_media":3619,"comment_status":"closed","ping_status":"open","sticky":false,"template":"","format":"standard","meta":[],"categories":[1],"tags":[],"_links":{"self":[{"href":"https:\/\/www.afs-meppen.de\/index.php?rest_route=\/wp\/v2\/posts\/3618"}],"collection":[{"href":"https:\/\/www.afs-meppen.de\/index.php?rest_route=\/wp\/v2\/posts"}],"about":[{"href":"https:\/\/www.afs-meppen.de\/index.php?rest_route=\/wp\/v2\/types\/post"}],"author":[{"embeddable":true,"href":"https:\/\/www.afs-meppen.de\/index.php?rest_route=\/wp\/v2\/users\/2"}],"replies":[{"embeddable":true,"href":"https:\/\/www.afs-meppen.de\/index.php?rest_route=%2Fwp%2Fv2%2Fcomments&post=3618"}],"version-history":[{"count":1,"href":"https:\/\/www.afs-meppen.de\/index.php?rest_route=\/wp\/v2\/posts\/3618\/revisions"}],"predecessor-version":[{"id":3620,"href":"https:\/\/www.afs-meppen.de\/index.php?rest_route=\/wp\/v2\/posts\/3618\/revisions\/3620"}],"wp:featuredmedia":[{"embeddable":true,"href":"https:\/\/www.afs-meppen.de\/index.php?rest_route=\/wp\/v2\/media\/3619"}],"wp:attachment":[{"href":"https:\/\/www.afs-meppen.de\/index.php?rest_route=%2Fwp%2Fv2%2Fmedia&parent=3618"}],"wp:term":[{"taxonomy":"category","embeddable":true,"href":"https:\/\/www.afs-meppen.de\/index.php?rest_route=%2Fwp%2Fv2%2Fcategories&post=3618"},{"taxonomy":"post_tag","embeddable":true,"href":"https:\/\/www.afs-meppen.de\/index.php?rest_route=%2Fwp%2Fv2%2Ftags&post=3618"}],"curies":[{"name":"wp","href":"https:\/\/api.w.org\/{rel}","templated":true}]}}