{"id":3595,"date":"2023-08-18T15:39:58","date_gmt":"2023-08-18T13:39:58","guid":{"rendered":"https:\/\/www.afs-meppen.de\/?p=3595"},"modified":"2023-08-18T15:43:28","modified_gmt":"2023-08-18T13:43:28","slug":"einschulung-an-der-afs","status":"publish","type":"post","link":"https:\/\/www.afs-meppen.de\/?p=3595","title":{"rendered":"Einschulung an der AFS"},"content":{"rendered":"<p>Am Freitag, den 18.08.23 war es soweit: Wir durften uns \u00fcber zahlreiche neue Gesichter an unserer Schule freuen. Die neuen F\u00fcnftkl\u00e4ssler starteten den Tag gemeinsam mit ihren Eltern in der Kirche und danach ging es dann in unsere Mensa. Dort sprach nicht nur unser neuer Schulleiter ein paar Worte, sondern auch die neuen Klassenlehrerinnen und Klassenlehrer, die Klassenpaten oder auch die Schulsozialarbeiterin stellten sich vor. Anschlie\u00dfend ging es dann in die mit Spannung erwarteten Klassenr\u00e4ume und alle konnten sich etwas beschnuppern. Ein aufregender Tag! W\u00e4hrend der sogenannten Einf\u00fchrungswoche geht es ab Montag f\u00fcr alle genauso spannend weiter!<\/p>\n<p>Liebe F\u00fcnfer, wir freuen uns, dass ihr da seid!<\/p>\n<p><img loading=\"lazy\" class=\"aligncenter size-full wp-image-3597\" src=\"https:\/\/www.afs-meppen.de\/wp-content\/uploads\/2023\/08\/IMG-20230818-WA0007.jpg\" alt=\"\" width=\"540\" height=\"720\" srcset=\"https:\/\/www.afs-meppen.de\/wp-content\/uploads\/2023\/08\/IMG-20230818-WA0007.jpg 540w, https:\/\/www.afs-meppen.de\/wp-content\/uploads\/2023\/08\/IMG-20230818-WA0007-225x300.jpg 225w, https:\/\/www.afs-meppen.de\/wp-content\/uploads\/2023\/08\/IMG-20230818-WA0007-203x270.jpg 203w\" sizes=\"(max-width: 540px) 100vw, 540px\" \/><\/p>\n","protected":false},"excerpt":{"rendered":"<p>Am Freitag, den 18.08.23 war es soweit: Wir durften uns \u00fcber zahlreiche neue Gesichter an unserer Schule freuen. Die neuen F\u00fcnftkl\u00e4ssler starteten den Tag gemeinsam mit ihren Eltern in der Kirche und danach ging es dann in unsere Mensa. Dort <a href=\"https:\/\/www.afs-meppen.de\/?p=3595\" class=\"read-more\">Weiterlesen &#8230;<\/a><\/p>\n","protected":false},"author":2,"featured_media":3596,"comment_status":"closed","ping_status":"open","sticky":false,"template":"","format":"standard","meta":[],"categories":[1],"tags":[],"_links":{"self":[{"href":"https:\/\/www.afs-meppen.de\/index.php?rest_route=\/wp\/v2\/posts\/3595"}],"collection":[{"href":"https:\/\/www.afs-meppen.de\/index.php?rest_route=\/wp\/v2\/posts"}],"about":[{"href":"https:\/\/www.afs-meppen.de\/index.php?rest_route=\/wp\/v2\/types\/post"}],"author":[{"embeddable":true,"href":"https:\/\/www.afs-meppen.de\/index.php?rest_route=\/wp\/v2\/users\/2"}],"replies":[{"embeddable":true,"href":"https:\/\/www.afs-meppen.de\/index.php?rest_route=%2Fwp%2Fv2%2Fcomments&post=3595"}],"version-history":[{"count":2,"href":"https:\/\/www.afs-meppen.de\/index.php?rest_route=\/wp\/v2\/posts\/3595\/revisions"}],"predecessor-version":[{"id":3599,"href":"https:\/\/www.afs-meppen.de\/index.php?rest_route=\/wp\/v2\/posts\/3595\/revisions\/3599"}],"wp:featuredmedia":[{"embeddable":true,"href":"https:\/\/www.afs-meppen.de\/index.php?rest_route=\/wp\/v2\/media\/3596"}],"wp:attachment":[{"href":"https:\/\/www.afs-meppen.de\/index.php?rest_route=%2Fwp%2Fv2%2Fmedia&parent=3595"}],"wp:term":[{"taxonomy":"category","embeddable":true,"href":"https:\/\/www.afs-meppen.de\/index.php?rest_route=%2Fwp%2Fv2%2Fcategories&post=3595"},{"taxonomy":"post_tag","embeddable":true,"href":"https:\/\/www.afs-meppen.de\/index.php?rest_route=%2Fwp%2Fv2%2Ftags&post=3595"}],"curies":[{"name":"wp","href":"https:\/\/api.w.org\/{rel}","templated":true}]}}