{"id":3449,"date":"2022-12-18T22:00:04","date_gmt":"2022-12-18T21:00:04","guid":{"rendered":"https:\/\/www.afs-meppen.de\/?p=3449"},"modified":"2022-12-18T22:00:04","modified_gmt":"2022-12-18T21:00:04","slug":"schulausfall-am-19-12-2022","status":"publish","type":"post","link":"https:\/\/www.afs-meppen.de\/?p=3449","title":{"rendered":"Schulausfall am 19.12.2022"},"content":{"rendered":"<p>Am Montag, den 19.12.22 f\u00e4llt die Schule f\u00fcr alle Sch\u00fclerinnen und Sch\u00fcler aus. Wie der Landkreis Emsland bekannt gegeben hat, findet aufgrund des erwarteten Eisregens in der kommenden Nacht kein Unterricht an den berufs- und allgemeinbildenden Schulen statt. Eine\u00a0 Betreuung f\u00fcr Kinder und Jugendliche, die dennoch erscheinen, wird es geben.<\/p>\n","protected":false},"excerpt":{"rendered":"<p>Am Montag, den 19.12.22 f\u00e4llt die Schule f\u00fcr alle Sch\u00fclerinnen und Sch\u00fcler aus. Wie der Landkreis Emsland bekannt gegeben hat, findet aufgrund des erwarteten Eisregens in der kommenden Nacht kein Unterricht an den berufs- und allgemeinbildenden Schulen statt. Eine\u00a0 Betreuung <a href=\"https:\/\/www.afs-meppen.de\/?p=3449\" class=\"read-more\">Weiterlesen &#8230;<\/a><\/p>\n","protected":false},"author":2,"featured_media":2503,"comment_status":"closed","ping_status":"open","sticky":false,"template":"","format":"standard","meta":[],"categories":[1],"tags":[],"_links":{"self":[{"href":"https:\/\/www.afs-meppen.de\/index.php?rest_route=\/wp\/v2\/posts\/3449"}],"collection":[{"href":"https:\/\/www.afs-meppen.de\/index.php?rest_route=\/wp\/v2\/posts"}],"about":[{"href":"https:\/\/www.afs-meppen.de\/index.php?rest_route=\/wp\/v2\/types\/post"}],"author":[{"embeddable":true,"href":"https:\/\/www.afs-meppen.de\/index.php?rest_route=\/wp\/v2\/users\/2"}],"replies":[{"embeddable":true,"href":"https:\/\/www.afs-meppen.de\/index.php?rest_route=%2Fwp%2Fv2%2Fcomments&post=3449"}],"version-history":[{"count":1,"href":"https:\/\/www.afs-meppen.de\/index.php?rest_route=\/wp\/v2\/posts\/3449\/revisions"}],"predecessor-version":[{"id":3450,"href":"https:\/\/www.afs-meppen.de\/index.php?rest_route=\/wp\/v2\/posts\/3449\/revisions\/3450"}],"wp:featuredmedia":[{"embeddable":true,"href":"https:\/\/www.afs-meppen.de\/index.php?rest_route=\/wp\/v2\/media\/2503"}],"wp:attachment":[{"href":"https:\/\/www.afs-meppen.de\/index.php?rest_route=%2Fwp%2Fv2%2Fmedia&parent=3449"}],"wp:term":[{"taxonomy":"category","embeddable":true,"href":"https:\/\/www.afs-meppen.de\/index.php?rest_route=%2Fwp%2Fv2%2Fcategories&post=3449"},{"taxonomy":"post_tag","embeddable":true,"href":"https:\/\/www.afs-meppen.de\/index.php?rest_route=%2Fwp%2Fv2%2Ftags&post=3449"}],"curies":[{"name":"wp","href":"https:\/\/api.w.org\/{rel}","templated":true}]}}