{"id":3377,"date":"2022-10-13T10:11:29","date_gmt":"2022-10-13T08:11:29","guid":{"rendered":"https:\/\/www.afs-meppen.de\/?p=3377"},"modified":"2022-10-15T10:11:39","modified_gmt":"2022-10-15T08:11:39","slug":"fussballer-wk-ii-werden-beim-jtfo-fussballturnier-dritter","status":"publish","type":"post","link":"https:\/\/www.afs-meppen.de\/?p=3377","title":{"rendered":"Fu\u00dfballer (WK II) werden beim JtfO-Fu\u00dfballturnier Dritter"},"content":{"rendered":"<p>Am 13.10.2022 fand das Jugend trainiert f\u00fcr Olympia- Fu\u00dfballturnier der Wettkampfklasse II (Jahrgang 2007-2009) auf dem Kunstrasen des SV Meppen statt. Die ersten beiden Spiele gingen dabei jeweils 0:0 gegen die Martinus Oberschule Haren und gegen das Gymnasium Hasel\u00fcnne aus. Es folgte ein sehr geschlossener und engagierter Auftritt gegen das Marianum Gymnasium, wobei unsere Fu\u00dfballer dank des Tores von Melvin G. 1:0 gewonnen haben. Beim letzten Spiel unterlagen wir ungl\u00fccklich gegen das Windthorst- Gymnasium Meppen mit 1:2, das sich dadurch die Altkreismeisterschaft sicherte. Das zwischenzeitliche 1:1 schoss Rene B.. Zusammenfassend l\u00e4sst sich allerdings feststellen, dass unsere Fu\u00dfballer spielerisch als auch taktisch vollends \u00fcberzeugten und dass wir mit einer besseren Chancenverwertung auch um den Gruppensieg h\u00e4tten mitspielen k\u00f6nnen.<\/p>\n","protected":false},"excerpt":{"rendered":"<p>Am 13.10.2022 fand das Jugend trainiert f\u00fcr Olympia- Fu\u00dfballturnier der Wettkampfklasse II (Jahrgang 2007-2009) auf dem Kunstrasen des SV Meppen statt. Die ersten beiden Spiele gingen dabei jeweils 0:0 gegen die Martinus Oberschule Haren und gegen das Gymnasium Hasel\u00fcnne aus. <a href=\"https:\/\/www.afs-meppen.de\/?p=3377\" class=\"read-more\">Weiterlesen &#8230;<\/a><\/p>\n","protected":false},"author":2,"featured_media":3378,"comment_status":"closed","ping_status":"open","sticky":false,"template":"","format":"standard","meta":[],"categories":[1],"tags":[],"_links":{"self":[{"href":"https:\/\/www.afs-meppen.de\/index.php?rest_route=\/wp\/v2\/posts\/3377"}],"collection":[{"href":"https:\/\/www.afs-meppen.de\/index.php?rest_route=\/wp\/v2\/posts"}],"about":[{"href":"https:\/\/www.afs-meppen.de\/index.php?rest_route=\/wp\/v2\/types\/post"}],"author":[{"embeddable":true,"href":"https:\/\/www.afs-meppen.de\/index.php?rest_route=\/wp\/v2\/users\/2"}],"replies":[{"embeddable":true,"href":"https:\/\/www.afs-meppen.de\/index.php?rest_route=%2Fwp%2Fv2%2Fcomments&post=3377"}],"version-history":[{"count":0,"href":"https:\/\/www.afs-meppen.de\/index.php?rest_route=\/wp\/v2\/posts\/3377\/revisions"}],"wp:featuredmedia":[{"embeddable":true,"href":"https:\/\/www.afs-meppen.de\/index.php?rest_route=\/wp\/v2\/media\/3378"}],"wp:attachment":[{"href":"https:\/\/www.afs-meppen.de\/index.php?rest_route=%2Fwp%2Fv2%2Fmedia&parent=3377"}],"wp:term":[{"taxonomy":"category","embeddable":true,"href":"https:\/\/www.afs-meppen.de\/index.php?rest_route=%2Fwp%2Fv2%2Fcategories&post=3377"},{"taxonomy":"post_tag","embeddable":true,"href":"https:\/\/www.afs-meppen.de\/index.php?rest_route=%2Fwp%2Fv2%2Ftags&post=3377"}],"curies":[{"name":"wp","href":"https:\/\/api.w.org\/{rel}","templated":true}]}}