{"id":3215,"date":"2022-03-10T10:20:37","date_gmt":"2022-03-10T09:20:37","guid":{"rendered":"https:\/\/www.afs-meppen.de\/?p=3215"},"modified":"2022-03-18T10:29:04","modified_gmt":"2022-03-18T09:29:04","slug":"anne-frank-projekt-im-fach-niederlaendisch","status":"publish","type":"post","link":"https:\/\/www.afs-meppen.de\/?p=3215","title":{"rendered":"Anne-Frank-Projekt im Fach Niederl\u00e4ndisch"},"content":{"rendered":"<p>Start eines neuen Projektes: Im Niederl\u00e4ndischunterricht von Frau Herok-Bakker arbeiten die Sch\u00fclerinnen und Sch\u00fcler derzeit in den Jahrg\u00e4ngen 7 &#8211; 9 mit der \u201eAnne Frank krant\u201c.<br \/>\nIn diesem Jahr geht es in der Anne Frank Zeitung um das Thema Freundschaft. Die Jugendlichen lernen anhand von Geschichten, was der 2. Weltkrieg f\u00fcr Folgen f\u00fcr Freundschaften hatte. Dabei lernen sie 6 Freunde und Freundinnen von Anne kennen, in deren Geschichten viele Themen rundum Freundschaft behandelt werden &#8211; es geht um das erste Kennenlernen, Liebe und Vertrauen. Das gesamte Thema schlie\u00dft sich an die Erlebniswelt der Sch\u00fclerinnen und Sch\u00fcler an und daher freuten sich alle auf die Geschichten und sind gespannt, wie es in den n\u00e4chsten Wochen weitergeht.<\/p>\n<p>Fortsetzung folgt..<\/p>\n","protected":false},"excerpt":{"rendered":"<p>Start eines neuen Projektes: Im Niederl\u00e4ndischunterricht von Frau Herok-Bakker arbeiten die Sch\u00fclerinnen und Sch\u00fcler derzeit in den Jahrg\u00e4ngen 7 &#8211; 9 mit der \u201eAnne Frank krant\u201c. In diesem Jahr geht es in der Anne Frank Zeitung um das Thema Freundschaft. <a href=\"https:\/\/www.afs-meppen.de\/?p=3215\" class=\"read-more\">Weiterlesen &#8230;<\/a><\/p>\n","protected":false},"author":2,"featured_media":3216,"comment_status":"closed","ping_status":"open","sticky":false,"template":"","format":"standard","meta":[],"categories":[1],"tags":[],"_links":{"self":[{"href":"https:\/\/www.afs-meppen.de\/index.php?rest_route=\/wp\/v2\/posts\/3215"}],"collection":[{"href":"https:\/\/www.afs-meppen.de\/index.php?rest_route=\/wp\/v2\/posts"}],"about":[{"href":"https:\/\/www.afs-meppen.de\/index.php?rest_route=\/wp\/v2\/types\/post"}],"author":[{"embeddable":true,"href":"https:\/\/www.afs-meppen.de\/index.php?rest_route=\/wp\/v2\/users\/2"}],"replies":[{"embeddable":true,"href":"https:\/\/www.afs-meppen.de\/index.php?rest_route=%2Fwp%2Fv2%2Fcomments&post=3215"}],"version-history":[{"count":0,"href":"https:\/\/www.afs-meppen.de\/index.php?rest_route=\/wp\/v2\/posts\/3215\/revisions"}],"wp:featuredmedia":[{"embeddable":true,"href":"https:\/\/www.afs-meppen.de\/index.php?rest_route=\/wp\/v2\/media\/3216"}],"wp:attachment":[{"href":"https:\/\/www.afs-meppen.de\/index.php?rest_route=%2Fwp%2Fv2%2Fmedia&parent=3215"}],"wp:term":[{"taxonomy":"category","embeddable":true,"href":"https:\/\/www.afs-meppen.de\/index.php?rest_route=%2Fwp%2Fv2%2Fcategories&post=3215"},{"taxonomy":"post_tag","embeddable":true,"href":"https:\/\/www.afs-meppen.de\/index.php?rest_route=%2Fwp%2Fv2%2Ftags&post=3215"}],"curies":[{"name":"wp","href":"https:\/\/api.w.org\/{rel}","templated":true}]}}