{"id":2914,"date":"2021-07-01T11:04:42","date_gmt":"2021-07-01T09:04:42","guid":{"rendered":"https:\/\/www.afs-meppen.de\/?p=2914"},"modified":"2021-07-04T13:27:49","modified_gmt":"2021-07-04T11:27:49","slug":"ein-dankeschoen-als-abschied","status":"publish","type":"post","link":"https:\/\/www.afs-meppen.de\/?p=2914","title":{"rendered":"Ein &#8222;Dankesch\u00f6n&#8220; als Abschied"},"content":{"rendered":"<p>Die Zeit der Abschlussklassen neigt sich langsam aber sicher dem Ende. Auch in diesem Jahr wollten die Sch\u00fclerinnen und Sch\u00fcler es sich nicht nehmen lassen, sich vor ihrem endg\u00fcltigen Abschied bei den Mitarbeitern der Schule mit einem kleinen Pr\u00e4sent zu bedanken. Ob es das Kopieren neuer Arbeitsbl\u00e4tter war, das Reparieren von St\u00fchlen oder auch der Anruf Zuhause &#8211; unsere Mitarbeiter unterst\u00fctzen unsere Sch\u00fcler tagt\u00e4glich bei den verschiedensten Anfragen und Problemen. Unser Hausmeister, Schulassistent, unsere Schulsozialarbeiterin, unsere K\u00f6chin, die Reinigungskr\u00e4fte und auch unsere Sekret\u00e4rin Frau L\u00e4ngert freuten sich nat\u00fcrlich sehr \u00fcber diese nette Geste.<\/p>\n<p><img loading=\"lazy\" class=\"alignleft size-medium wp-image-2916\" src=\"https:\/\/www.afs-meppen.de\/wp-content\/uploads\/2021\/07\/AC11AE3A-BF5E-4B09-9475-E219B683B48A-300x225.jpeg\" alt=\"\" width=\"300\" height=\"225\" srcset=\"https:\/\/www.afs-meppen.de\/wp-content\/uploads\/2021\/07\/AC11AE3A-BF5E-4B09-9475-E219B683B48A-300x225.jpeg 300w, https:\/\/www.afs-meppen.de\/wp-content\/uploads\/2021\/07\/AC11AE3A-BF5E-4B09-9475-E219B683B48A-768x576.jpeg 768w, https:\/\/www.afs-meppen.de\/wp-content\/uploads\/2021\/07\/AC11AE3A-BF5E-4B09-9475-E219B683B48A-360x270.jpeg 360w, https:\/\/www.afs-meppen.de\/wp-content\/uploads\/2021\/07\/AC11AE3A-BF5E-4B09-9475-E219B683B48A.jpeg 960w\" sizes=\"(max-width: 300px) 100vw, 300px\" \/><\/p>\n","protected":false},"excerpt":{"rendered":"<p>Die Zeit der Abschlussklassen neigt sich langsam aber sicher dem Ende. Auch in diesem Jahr wollten die Sch\u00fclerinnen und Sch\u00fcler es sich nicht nehmen lassen, sich vor ihrem endg\u00fcltigen Abschied bei den Mitarbeitern der Schule mit einem kleinen Pr\u00e4sent zu <a href=\"https:\/\/www.afs-meppen.de\/?p=2914\" class=\"read-more\">Weiterlesen &#8230;<\/a><\/p>\n","protected":false},"author":2,"featured_media":2915,"comment_status":"closed","ping_status":"open","sticky":false,"template":"","format":"standard","meta":[],"categories":[1],"tags":[],"_links":{"self":[{"href":"https:\/\/www.afs-meppen.de\/index.php?rest_route=\/wp\/v2\/posts\/2914"}],"collection":[{"href":"https:\/\/www.afs-meppen.de\/index.php?rest_route=\/wp\/v2\/posts"}],"about":[{"href":"https:\/\/www.afs-meppen.de\/index.php?rest_route=\/wp\/v2\/types\/post"}],"author":[{"embeddable":true,"href":"https:\/\/www.afs-meppen.de\/index.php?rest_route=\/wp\/v2\/users\/2"}],"replies":[{"embeddable":true,"href":"https:\/\/www.afs-meppen.de\/index.php?rest_route=%2Fwp%2Fv2%2Fcomments&post=2914"}],"version-history":[{"count":0,"href":"https:\/\/www.afs-meppen.de\/index.php?rest_route=\/wp\/v2\/posts\/2914\/revisions"}],"wp:featuredmedia":[{"embeddable":true,"href":"https:\/\/www.afs-meppen.de\/index.php?rest_route=\/wp\/v2\/media\/2915"}],"wp:attachment":[{"href":"https:\/\/www.afs-meppen.de\/index.php?rest_route=%2Fwp%2Fv2%2Fmedia&parent=2914"}],"wp:term":[{"taxonomy":"category","embeddable":true,"href":"https:\/\/www.afs-meppen.de\/index.php?rest_route=%2Fwp%2Fv2%2Fcategories&post=2914"},{"taxonomy":"post_tag","embeddable":true,"href":"https:\/\/www.afs-meppen.de\/index.php?rest_route=%2Fwp%2Fv2%2Ftags&post=2914"}],"curies":[{"name":"wp","href":"https:\/\/api.w.org\/{rel}","templated":true}]}}