{"id":2842,"date":"2021-05-22T13:45:52","date_gmt":"2021-05-22T11:45:52","guid":{"rendered":"https:\/\/www.afs-meppen.de\/?p=2842"},"modified":"2021-05-22T13:46:45","modified_gmt":"2021-05-22T11:46:45","slug":"lockerungen-sind-in-die-sicht","status":"publish","type":"post","link":"https:\/\/www.afs-meppen.de\/?p=2842","title":{"rendered":"Lockerungen sind in die Sicht!"},"content":{"rendered":"<p>Die Inzidenzwerte sinken. Das kann man eigentlich in allen Landkreisen und Bundesl\u00e4ndern beobachten. Daher macht es Sinn, langsam \u00fcber \u00d6ffnungen und Lockerungen nachzudenken. Dies gilt nat\u00fcrlich auch mit Blick auf die Schulen. Die n\u00e4chsten Schritte hin zu Pr\u00e4zenzunterricht im Szenario A k\u00f6nnten bereits &#8211; je nach Inzidenzwerte &#8211; am 31. Mai erfolgen. Genaue Informationen k\u00f6nnen aus den Ministerbriefen unseres Kultusministers entnommen werden.<\/p>\n<p><a href=\"https:\/\/www.afs-meppen.de\/wp-content\/uploads\/2021\/05\/2021-05-21_Brief_an_Eltern_einfach.pdf\">Brief an die Eltern<\/a><\/p>\n<p><a href=\"https:\/\/www.afs-meppen.de\/wp-content\/uploads\/2021\/05\/2021-05-21_Brief_an_SuS_SekI.pdf\">Brief an die Sch\u00fcler<\/a><\/p>\n<p>&nbsp;<\/p>\n","protected":false},"excerpt":{"rendered":"<p>Die Inzidenzwerte sinken. Das kann man eigentlich in allen Landkreisen und Bundesl\u00e4ndern beobachten. Daher macht es Sinn, langsam \u00fcber \u00d6ffnungen und Lockerungen nachzudenken. Dies gilt nat\u00fcrlich auch mit Blick auf die Schulen. Die n\u00e4chsten Schritte hin zu Pr\u00e4zenzunterricht im Szenario <a href=\"https:\/\/www.afs-meppen.de\/?p=2842\" class=\"read-more\">Weiterlesen &#8230;<\/a><\/p>\n","protected":false},"author":2,"featured_media":2400,"comment_status":"closed","ping_status":"open","sticky":false,"template":"","format":"standard","meta":[],"categories":[1],"tags":[],"_links":{"self":[{"href":"https:\/\/www.afs-meppen.de\/index.php?rest_route=\/wp\/v2\/posts\/2842"}],"collection":[{"href":"https:\/\/www.afs-meppen.de\/index.php?rest_route=\/wp\/v2\/posts"}],"about":[{"href":"https:\/\/www.afs-meppen.de\/index.php?rest_route=\/wp\/v2\/types\/post"}],"author":[{"embeddable":true,"href":"https:\/\/www.afs-meppen.de\/index.php?rest_route=\/wp\/v2\/users\/2"}],"replies":[{"embeddable":true,"href":"https:\/\/www.afs-meppen.de\/index.php?rest_route=%2Fwp%2Fv2%2Fcomments&post=2842"}],"version-history":[{"count":0,"href":"https:\/\/www.afs-meppen.de\/index.php?rest_route=\/wp\/v2\/posts\/2842\/revisions"}],"wp:featuredmedia":[{"embeddable":true,"href":"https:\/\/www.afs-meppen.de\/index.php?rest_route=\/wp\/v2\/media\/2400"}],"wp:attachment":[{"href":"https:\/\/www.afs-meppen.de\/index.php?rest_route=%2Fwp%2Fv2%2Fmedia&parent=2842"}],"wp:term":[{"taxonomy":"category","embeddable":true,"href":"https:\/\/www.afs-meppen.de\/index.php?rest_route=%2Fwp%2Fv2%2Fcategories&post=2842"},{"taxonomy":"post_tag","embeddable":true,"href":"https:\/\/www.afs-meppen.de\/index.php?rest_route=%2Fwp%2Fv2%2Ftags&post=2842"}],"curies":[{"name":"wp","href":"https:\/\/api.w.org\/{rel}","templated":true}]}}