{"id":2413,"date":"2020-09-06T19:30:22","date_gmt":"2020-09-06T17:30:22","guid":{"rendered":"http:\/\/www.afs-meppen.de\/?p=2413"},"modified":"2020-09-27T12:30:12","modified_gmt":"2020-09-27T10:30:12","slug":"handlungsempfehlung-bei-respiratorischer-symptomatik","status":"publish","type":"post","link":"https:\/\/www.afs-meppen.de\/?p=2413","title":{"rendered":"Handlungsempfehlung bei respiratorischer Symptomatik"},"content":{"rendered":"<p>Viele Sch\u00fclerinnen und Sch\u00fcler sind verunsichert und auch vielen Eltern f\u00e4llt es schwer einzusch\u00e4tzen, ob ihre Kinder die Schule bei Erk\u00e4ltungssymptomen besuchen d\u00fcrfen oder nicht. Als kleine Hilfestellung hat die Nieders\u00e4chsische Landesschulbeh\u00f6rde eine Handlungsempfehlung f\u00fcr Schulen bei Sch\u00fclerinnen und Sch\u00fclern mit respiratorischer Symptomatik herausgegeben.<\/p>\n<p>Diese Empfehlung finden Sie hier:<\/p>\n<p><a href=\"http:\/\/www.afs-meppen.de\/wp-content\/uploads\/2020\/09\/Elternhinweise_Erkaeltungssymptome.pdf\">Elternhinweise-Erk\u00e4ltungssymptome<\/a><\/p>\n","protected":false},"excerpt":{"rendered":"<p>Viele Sch\u00fclerinnen und Sch\u00fcler sind verunsichert und auch vielen Eltern f\u00e4llt es schwer einzusch\u00e4tzen, ob ihre Kinder die Schule bei Erk\u00e4ltungssymptomen besuchen d\u00fcrfen oder nicht. Als kleine Hilfestellung hat die Nieders\u00e4chsische Landesschulbeh\u00f6rde eine Handlungsempfehlung f\u00fcr Schulen bei Sch\u00fclerinnen und Sch\u00fclern <a href=\"https:\/\/www.afs-meppen.de\/?p=2413\" class=\"read-more\">Weiterlesen &#8230;<\/a><\/p>\n","protected":false},"author":2,"featured_media":0,"comment_status":"closed","ping_status":"open","sticky":false,"template":"","format":"standard","meta":[],"categories":[1],"tags":[],"_links":{"self":[{"href":"https:\/\/www.afs-meppen.de\/index.php?rest_route=\/wp\/v2\/posts\/2413"}],"collection":[{"href":"https:\/\/www.afs-meppen.de\/index.php?rest_route=\/wp\/v2\/posts"}],"about":[{"href":"https:\/\/www.afs-meppen.de\/index.php?rest_route=\/wp\/v2\/types\/post"}],"author":[{"embeddable":true,"href":"https:\/\/www.afs-meppen.de\/index.php?rest_route=\/wp\/v2\/users\/2"}],"replies":[{"embeddable":true,"href":"https:\/\/www.afs-meppen.de\/index.php?rest_route=%2Fwp%2Fv2%2Fcomments&post=2413"}],"version-history":[{"count":0,"href":"https:\/\/www.afs-meppen.de\/index.php?rest_route=\/wp\/v2\/posts\/2413\/revisions"}],"wp:attachment":[{"href":"https:\/\/www.afs-meppen.de\/index.php?rest_route=%2Fwp%2Fv2%2Fmedia&parent=2413"}],"wp:term":[{"taxonomy":"category","embeddable":true,"href":"https:\/\/www.afs-meppen.de\/index.php?rest_route=%2Fwp%2Fv2%2Fcategories&post=2413"},{"taxonomy":"post_tag","embeddable":true,"href":"https:\/\/www.afs-meppen.de\/index.php?rest_route=%2Fwp%2Fv2%2Ftags&post=2413"}],"curies":[{"name":"wp","href":"https:\/\/api.w.org\/{rel}","templated":true}]}}