{"id":2084,"date":"2019-11-17T13:38:56","date_gmt":"2019-11-17T12:38:56","guid":{"rendered":"http:\/\/www.afs-meppen.de\/?p=2084"},"modified":"2019-11-17T13:51:08","modified_gmt":"2019-11-17T12:51:08","slug":"deutsch-niederlaendisches-schuelertreffen-zum-thema-erneuerbare-energien","status":"publish","type":"post","link":"https:\/\/www.afs-meppen.de\/?p=2084","title":{"rendered":"Deutsch \u2013 Niederl\u00e4ndisches Sch\u00fclertreffen zum Thema erneuerbare Energien"},"content":{"rendered":"<p>\u00dcber das Projekt PraktiTrans trafen Sch\u00fcler aus der Grenzregion mittels eines Job-Bus, am Dienstag, 29.10.2019 zum Thema \u201eErneuerbare Energien\u201c aufeinander. Die Ubbo Emmius School (Stadskanaal) und unsere Schule starteten so mit insgesamt ca. 45 Sch\u00fclern und vier Begleitpersonen ihre Schulpartnerschaft und festigen so die grenz- und f\u00e4cher\u00fcbergreifende Zusammenarbeit der F\u00e4cher Wirtschaft und Niederl\u00e4ndisch auf beiden Seiten der Grenze. In Haren startete die Veranstaltung im Rathaus mit einem Fachvortrag und einem Expertengespr\u00e4ch zum Projekt SEREH (Smart Energy Region Emmen Haren). Der B\u00fcrgermeister Herr Honnigfort und Herr Lenzing (Fachbereich Wirtschaftsf\u00f6rderung) haben den Sch\u00fclern das Projekt, welches zwischen den Gemeinden Haren (Ems) (Dtl.) und Emmen (NL) l\u00e4uft, erl\u00e4utert. Um erneuerbare Energien auch in der Praxis kennenzulernen, wurde eine Biogasanlage der Firma Corntec (Meppen) in Twist besucht. Herr Sch\u00e4rmann und Frau Jasper haben die Erkundung der Biogasanlagen geleitet und anschlie\u00dfend an unserer Schule einen Fachvortrag gehalten. Bei Kaffee und Kuchen fand ein Gespr\u00e4chsaustausch und eine Ausstellung zu bisherigen Aktivit\u00e4ten im f\u00e4cher\u00fcbergreifendem Unterricht Niederl\u00e4ndisch und Wirtschaft\u00a0 statt.<\/p>\n<p>F\u00fcr mehr Informationen:\u00a0<a href=\"https:\/\/deref-gmx.net\/mail\/client\/kKKSWwBkGZQ\/dereferrer\/?redirectUrl=https%3A%2F%2Fwww.arbeidsmarkt-noord.eu%2Fbouwstenen%2Fpraktitrans%2F\">https:\/\/www.arbeidsmarkt-noord.eu\/bouwstenen\/praktitrans\/<\/a><\/p>\n","protected":false},"excerpt":{"rendered":"<p>\u00dcber das Projekt PraktiTrans trafen Sch\u00fcler aus der Grenzregion mittels eines Job-Bus, am Dienstag, 29.10.2019 zum Thema \u201eErneuerbare Energien\u201c aufeinander. Die Ubbo Emmius School (Stadskanaal) und unsere Schule starteten so mit insgesamt ca. 45 Sch\u00fclern und vier Begleitpersonen ihre Schulpartnerschaft <a href=\"https:\/\/www.afs-meppen.de\/?p=2084\" class=\"read-more\">Weiterlesen &#8230;<\/a><\/p>\n","protected":false},"author":2,"featured_media":2090,"comment_status":"closed","ping_status":"open","sticky":false,"template":"","format":"standard","meta":[],"categories":[1],"tags":[],"_links":{"self":[{"href":"https:\/\/www.afs-meppen.de\/index.php?rest_route=\/wp\/v2\/posts\/2084"}],"collection":[{"href":"https:\/\/www.afs-meppen.de\/index.php?rest_route=\/wp\/v2\/posts"}],"about":[{"href":"https:\/\/www.afs-meppen.de\/index.php?rest_route=\/wp\/v2\/types\/post"}],"author":[{"embeddable":true,"href":"https:\/\/www.afs-meppen.de\/index.php?rest_route=\/wp\/v2\/users\/2"}],"replies":[{"embeddable":true,"href":"https:\/\/www.afs-meppen.de\/index.php?rest_route=%2Fwp%2Fv2%2Fcomments&post=2084"}],"version-history":[{"count":0,"href":"https:\/\/www.afs-meppen.de\/index.php?rest_route=\/wp\/v2\/posts\/2084\/revisions"}],"wp:featuredmedia":[{"embeddable":true,"href":"https:\/\/www.afs-meppen.de\/index.php?rest_route=\/wp\/v2\/media\/2090"}],"wp:attachment":[{"href":"https:\/\/www.afs-meppen.de\/index.php?rest_route=%2Fwp%2Fv2%2Fmedia&parent=2084"}],"wp:term":[{"taxonomy":"category","embeddable":true,"href":"https:\/\/www.afs-meppen.de\/index.php?rest_route=%2Fwp%2Fv2%2Fcategories&post=2084"},{"taxonomy":"post_tag","embeddable":true,"href":"https:\/\/www.afs-meppen.de\/index.php?rest_route=%2Fwp%2Fv2%2Ftags&post=2084"}],"curies":[{"name":"wp","href":"https:\/\/api.w.org\/{rel}","templated":true}]}}