{"id":2060,"date":"2019-06-07T08:59:22","date_gmt":"2019-06-07T06:59:22","guid":{"rendered":"http:\/\/www.afs-meppen.de\/?p=2060"},"modified":"2019-11-07T09:01:20","modified_gmt":"2019-11-07T08:01:20","slug":"besuch-mit-den-daz-schuelerinnen-und-schuelern-in-der-koeb-meppen","status":"publish","type":"post","link":"https:\/\/www.afs-meppen.de\/?p=2060","title":{"rendered":"Besuch mit den DaZ-Sch\u00fclerinnen und Sch\u00fclern in der K\u00d6B Meppen"},"content":{"rendered":"<p>Am Freitag, den 7. Mai, besuchten zw\u00f6lf DaZ-Sch\u00fclerinnen und Sch\u00fcler mit ihren beiden Lehrkr\u00e4ften die K\u00d6B in Meppen. Frau Noetzel f\u00fchrte sie durch die B\u00fccherei und zeigte ihnen spannende Lekt\u00fcren aus dem Jugendbereich und dem Bereich \u201eEinfach lesen\u201c. Im Anschluss an die F\u00fchrung erhielten die Sch\u00fclerinnen und Sch\u00fcler als Geschenk der B\u00fccherei einen Ausweis f\u00fcr ein Jahr kostenlos. Da war die Freude sehr gro\u00df. Der Ausflug hat sich wirklich gelohnt.<\/p>\n","protected":false},"excerpt":{"rendered":"<p>Am Freitag, den 7. Mai, besuchten zw\u00f6lf DaZ-Sch\u00fclerinnen und Sch\u00fcler mit ihren beiden Lehrkr\u00e4ften die K\u00d6B in Meppen. Frau Noetzel f\u00fchrte sie durch die B\u00fccherei und zeigte ihnen spannende Lekt\u00fcren aus dem Jugendbereich und dem Bereich \u201eEinfach lesen\u201c. Im Anschluss <a href=\"https:\/\/www.afs-meppen.de\/?p=2060\" class=\"read-more\">Weiterlesen &#8230;<\/a><\/p>\n","protected":false},"author":2,"featured_media":2061,"comment_status":"closed","ping_status":"open","sticky":false,"template":"","format":"standard","meta":[],"categories":[1],"tags":[],"_links":{"self":[{"href":"https:\/\/www.afs-meppen.de\/index.php?rest_route=\/wp\/v2\/posts\/2060"}],"collection":[{"href":"https:\/\/www.afs-meppen.de\/index.php?rest_route=\/wp\/v2\/posts"}],"about":[{"href":"https:\/\/www.afs-meppen.de\/index.php?rest_route=\/wp\/v2\/types\/post"}],"author":[{"embeddable":true,"href":"https:\/\/www.afs-meppen.de\/index.php?rest_route=\/wp\/v2\/users\/2"}],"replies":[{"embeddable":true,"href":"https:\/\/www.afs-meppen.de\/index.php?rest_route=%2Fwp%2Fv2%2Fcomments&post=2060"}],"version-history":[{"count":0,"href":"https:\/\/www.afs-meppen.de\/index.php?rest_route=\/wp\/v2\/posts\/2060\/revisions"}],"wp:featuredmedia":[{"embeddable":true,"href":"https:\/\/www.afs-meppen.de\/index.php?rest_route=\/wp\/v2\/media\/2061"}],"wp:attachment":[{"href":"https:\/\/www.afs-meppen.de\/index.php?rest_route=%2Fwp%2Fv2%2Fmedia&parent=2060"}],"wp:term":[{"taxonomy":"category","embeddable":true,"href":"https:\/\/www.afs-meppen.de\/index.php?rest_route=%2Fwp%2Fv2%2Fcategories&post=2060"},{"taxonomy":"post_tag","embeddable":true,"href":"https:\/\/www.afs-meppen.de\/index.php?rest_route=%2Fwp%2Fv2%2Ftags&post=2060"}],"curies":[{"name":"wp","href":"https:\/\/api.w.org\/{rel}","templated":true}]}}