{"id":1989,"date":"2019-09-09T12:01:12","date_gmt":"2019-09-09T10:01:12","guid":{"rendered":"http:\/\/www.afs-meppen.de\/?p=1989"},"modified":"2019-09-09T12:01:12","modified_gmt":"2019-09-09T10:01:12","slug":"schuelersprecher-gewaehlt","status":"publish","type":"post","link":"https:\/\/www.afs-meppen.de\/?p=1989","title":{"rendered":"Sch\u00fclersprecher gew\u00e4hlt"},"content":{"rendered":"<p>Am Freitag in der f\u00fcnften und sechsten Stunde trafen sich alle Klassensprecherinnen und Klassensprecher unserer Schule mit unseren SV-Lehrern um die neuen Sch\u00fclersprecher zu w\u00e4hlen. Nach einigen interessanten Ansprachen durften sich Carolin H. (10Ra), Julian Sch. (9H) und Dennis Sch. (9Ha) \u00fcber ihre Wahl freuen. Die drei hatten sich gleich einige Ziele gesteckt, die sie im Laufe des Schuljahres erreichen wollen w\u00fcrden. An dieser Stelle begl\u00fcckw\u00fcnschen wir die drei und w\u00fcnschen Ihnen viel Erfolg!<\/p>\n<p>&nbsp;<\/p>\n","protected":false},"excerpt":{"rendered":"<p>Am Freitag in der f\u00fcnften und sechsten Stunde trafen sich alle Klassensprecherinnen und Klassensprecher unserer Schule mit unseren SV-Lehrern um die neuen Sch\u00fclersprecher zu w\u00e4hlen. Nach einigen interessanten Ansprachen durften sich Carolin H. (10Ra), Julian Sch. (9H) und Dennis Sch. <a href=\"https:\/\/www.afs-meppen.de\/?p=1989\" class=\"read-more\">Weiterlesen &#8230;<\/a><\/p>\n","protected":false},"author":2,"featured_media":1990,"comment_status":"closed","ping_status":"open","sticky":false,"template":"","format":"standard","meta":[],"categories":[1],"tags":[],"_links":{"self":[{"href":"https:\/\/www.afs-meppen.de\/index.php?rest_route=\/wp\/v2\/posts\/1989"}],"collection":[{"href":"https:\/\/www.afs-meppen.de\/index.php?rest_route=\/wp\/v2\/posts"}],"about":[{"href":"https:\/\/www.afs-meppen.de\/index.php?rest_route=\/wp\/v2\/types\/post"}],"author":[{"embeddable":true,"href":"https:\/\/www.afs-meppen.de\/index.php?rest_route=\/wp\/v2\/users\/2"}],"replies":[{"embeddable":true,"href":"https:\/\/www.afs-meppen.de\/index.php?rest_route=%2Fwp%2Fv2%2Fcomments&post=1989"}],"version-history":[{"count":0,"href":"https:\/\/www.afs-meppen.de\/index.php?rest_route=\/wp\/v2\/posts\/1989\/revisions"}],"wp:featuredmedia":[{"embeddable":true,"href":"https:\/\/www.afs-meppen.de\/index.php?rest_route=\/wp\/v2\/media\/1990"}],"wp:attachment":[{"href":"https:\/\/www.afs-meppen.de\/index.php?rest_route=%2Fwp%2Fv2%2Fmedia&parent=1989"}],"wp:term":[{"taxonomy":"category","embeddable":true,"href":"https:\/\/www.afs-meppen.de\/index.php?rest_route=%2Fwp%2Fv2%2Fcategories&post=1989"},{"taxonomy":"post_tag","embeddable":true,"href":"https:\/\/www.afs-meppen.de\/index.php?rest_route=%2Fwp%2Fv2%2Ftags&post=1989"}],"curies":[{"name":"wp","href":"https:\/\/api.w.org\/{rel}","templated":true}]}}