{"id":1975,"date":"2019-09-02T12:10:44","date_gmt":"2019-09-02T10:10:44","guid":{"rendered":"http:\/\/www.afs-meppen.de\/?p=1975"},"modified":"2019-09-02T12:10:44","modified_gmt":"2019-09-02T10:10:44","slug":"tag-der-betriebe-und-chance-azubi","status":"publish","type":"post","link":"https:\/\/www.afs-meppen.de\/?p=1975","title":{"rendered":"Tag der Betriebe und Chance Azubi"},"content":{"rendered":"<p>Am Donnerstag, den 29.08.2019 drehte sich f\u00fcr unseren \u00e4lteren Sch\u00fclerinnen und Sch\u00fcler alles um die Berufswelt. F\u00fcr viele r\u00fcckt die Frage &#8222;Was mache ich nach der Schule?&#8220; immer n\u00e4her und n\u00e4her und da war der Tag der Betriebe stand am Vormittag und Chance Azubi am Nachmittag genau das Richtige.<\/p>\n<p>W\u00e4hrend es am Vormittag haupts\u00e4chlich um Pr\u00e4sentationen Einzelner ging &#8211; zum Beispiel von der DRK und Reinhard Rohrbau oder der Hochschule Emmen, konnten die Sch\u00fclerinnen und Sch\u00fcler am sp\u00e4ten Nachmittag verschiedene St\u00e4nde einzelner Betriebe besuchen. Die Veranstaltung fand in unserer Aula statt und war gut besucht. Sch\u00fcler, Eltern und auch Lehrer wurden authentisch und umfassend \u00fcber die Ausbildung \u201evor der Haust\u00fcr\u201c, wie es bei Chance Azubi so sch\u00f6n hei\u00dft, informiert. Hier konnte man Gespr\u00e4che f\u00fchren und so vor allem erste Kontakte kn\u00fcpfen.<\/p>\n<p>&nbsp;<\/p>\n<div id='gallery-1' class='gallery galleryid-1975 gallery-columns-3 gallery-size-thumbnail'><figure class='gallery-item'>\n\t\t\t<div class='gallery-icon landscape'>\n\t\t\t\t<a href='https:\/\/www.afs-meppen.de\/?attachment_id=1978'><img width=\"150\" height=\"150\" src=\"https:\/\/www.afs-meppen.de\/wp-content\/uploads\/2019\/09\/DSC06987-150x150.jpg\" class=\"attachment-thumbnail size-thumbnail\" alt=\"\" loading=\"lazy\" \/><\/a>\n\t\t\t<\/div><\/figure><figure class='gallery-item'>\n\t\t\t<div class='gallery-icon landscape'>\n\t\t\t\t<a href='https:\/\/www.afs-meppen.de\/?attachment_id=1977'><img width=\"150\" height=\"150\" src=\"https:\/\/www.afs-meppen.de\/wp-content\/uploads\/2019\/09\/DSC06884-150x150.jpg\" class=\"attachment-thumbnail size-thumbnail\" alt=\"\" loading=\"lazy\" \/><\/a>\n\t\t\t<\/div><\/figure>\n\t\t<\/div>\n\n","protected":false},"excerpt":{"rendered":"<p>Am Donnerstag, den 29.08.2019 drehte sich f\u00fcr unseren \u00e4lteren Sch\u00fclerinnen und Sch\u00fcler alles um die Berufswelt. F\u00fcr viele r\u00fcckt die Frage &#8222;Was mache ich nach der Schule?&#8220; immer n\u00e4her und n\u00e4her und da war der Tag der Betriebe stand am <a href=\"https:\/\/www.afs-meppen.de\/?p=1975\" class=\"read-more\">Weiterlesen &#8230;<\/a><\/p>\n","protected":false},"author":2,"featured_media":1976,"comment_status":"closed","ping_status":"open","sticky":false,"template":"","format":"standard","meta":[],"categories":[1],"tags":[],"_links":{"self":[{"href":"https:\/\/www.afs-meppen.de\/index.php?rest_route=\/wp\/v2\/posts\/1975"}],"collection":[{"href":"https:\/\/www.afs-meppen.de\/index.php?rest_route=\/wp\/v2\/posts"}],"about":[{"href":"https:\/\/www.afs-meppen.de\/index.php?rest_route=\/wp\/v2\/types\/post"}],"author":[{"embeddable":true,"href":"https:\/\/www.afs-meppen.de\/index.php?rest_route=\/wp\/v2\/users\/2"}],"replies":[{"embeddable":true,"href":"https:\/\/www.afs-meppen.de\/index.php?rest_route=%2Fwp%2Fv2%2Fcomments&post=1975"}],"version-history":[{"count":0,"href":"https:\/\/www.afs-meppen.de\/index.php?rest_route=\/wp\/v2\/posts\/1975\/revisions"}],"wp:featuredmedia":[{"embeddable":true,"href":"https:\/\/www.afs-meppen.de\/index.php?rest_route=\/wp\/v2\/media\/1976"}],"wp:attachment":[{"href":"https:\/\/www.afs-meppen.de\/index.php?rest_route=%2Fwp%2Fv2%2Fmedia&parent=1975"}],"wp:term":[{"taxonomy":"category","embeddable":true,"href":"https:\/\/www.afs-meppen.de\/index.php?rest_route=%2Fwp%2Fv2%2Fcategories&post=1975"},{"taxonomy":"post_tag","embeddable":true,"href":"https:\/\/www.afs-meppen.de\/index.php?rest_route=%2Fwp%2Fv2%2Ftags&post=1975"}],"curies":[{"name":"wp","href":"https:\/\/api.w.org\/{rel}","templated":true}]}}