{"id":1813,"date":"2019-04-04T11:17:14","date_gmt":"2019-04-04T09:17:14","guid":{"rendered":"http:\/\/www.afs-meppen.de\/?p=1813"},"modified":"2019-04-04T11:17:24","modified_gmt":"2019-04-04T09:17:24","slug":"gruesse-aus-der-hauptstadt","status":"publish","type":"post","link":"https:\/\/www.afs-meppen.de\/?p=1813","title":{"rendered":"Gr\u00fc\u00dfe aus der Hauptstadt"},"content":{"rendered":"<p>Kurz vor den Osterferien starteten unsere zehnten Klassen ihre Reise in die Hauptstadt Berlin. Erfahrungsgem\u00e4\u00df ist dies f\u00fcr alle Sch\u00fclerinnen und Sch\u00fcler immer eins der Highlights ihrer Schullaufbahn. Und auch diesmal ist die Fahrt wieder mit viel Vorfreude verbunden gewesen und alle werden auf ihre Kosten kommen. Neben den vielen Sehensw\u00fcrdigkeiten, die die Stadt zu bieten hat, kommt auch die Freizeit der Zehntkl\u00e4ssler nicht zu kurz.<\/p>\n<p>Schon am Dienstag schickten uns unsere &#8222;Urlauber&#8220; liebe Gr\u00fc\u00dfe und berichteten von einer guten Ankunft. Wir w\u00fcnschen aus Meppen nat\u00fcrlich weiterhin viel Spa\u00df.<\/p>\n","protected":false},"excerpt":{"rendered":"<p>Kurz vor den Osterferien starteten unsere zehnten Klassen ihre Reise in die Hauptstadt Berlin. Erfahrungsgem\u00e4\u00df ist dies f\u00fcr alle Sch\u00fclerinnen und Sch\u00fcler immer eins der Highlights ihrer Schullaufbahn. Und auch diesmal ist die Fahrt wieder mit viel Vorfreude verbunden gewesen <a href=\"https:\/\/www.afs-meppen.de\/?p=1813\" class=\"read-more\">Weiterlesen &#8230;<\/a><\/p>\n","protected":false},"author":2,"featured_media":1814,"comment_status":"closed","ping_status":"open","sticky":false,"template":"","format":"standard","meta":[],"categories":[1],"tags":[],"_links":{"self":[{"href":"https:\/\/www.afs-meppen.de\/index.php?rest_route=\/wp\/v2\/posts\/1813"}],"collection":[{"href":"https:\/\/www.afs-meppen.de\/index.php?rest_route=\/wp\/v2\/posts"}],"about":[{"href":"https:\/\/www.afs-meppen.de\/index.php?rest_route=\/wp\/v2\/types\/post"}],"author":[{"embeddable":true,"href":"https:\/\/www.afs-meppen.de\/index.php?rest_route=\/wp\/v2\/users\/2"}],"replies":[{"embeddable":true,"href":"https:\/\/www.afs-meppen.de\/index.php?rest_route=%2Fwp%2Fv2%2Fcomments&post=1813"}],"version-history":[{"count":0,"href":"https:\/\/www.afs-meppen.de\/index.php?rest_route=\/wp\/v2\/posts\/1813\/revisions"}],"wp:featuredmedia":[{"embeddable":true,"href":"https:\/\/www.afs-meppen.de\/index.php?rest_route=\/wp\/v2\/media\/1814"}],"wp:attachment":[{"href":"https:\/\/www.afs-meppen.de\/index.php?rest_route=%2Fwp%2Fv2%2Fmedia&parent=1813"}],"wp:term":[{"taxonomy":"category","embeddable":true,"href":"https:\/\/www.afs-meppen.de\/index.php?rest_route=%2Fwp%2Fv2%2Fcategories&post=1813"},{"taxonomy":"post_tag","embeddable":true,"href":"https:\/\/www.afs-meppen.de\/index.php?rest_route=%2Fwp%2Fv2%2Ftags&post=1813"}],"curies":[{"name":"wp","href":"https:\/\/api.w.org\/{rel}","templated":true}]}}